{"id":14569,"date":"2023-03-07T11:24:01","date_gmt":"2023-03-07T10:24:01","guid":{"rendered":"https:\/\/tolosandco.org\/?p=14569"},"modified":"2023-03-08T12:53:34","modified_gmt":"2023-03-08T11:53:34","slug":"braderie-2023","status":"publish","type":"post","link":"https:\/\/tolosandco.org\/es\/braderie-2023\/","title":{"rendered":"BRADERIE 2023, este s\u00e1bado en Tolosa!"},"content":{"rendered":"\r\n<p>Como cada a\u00f1o, \u00a1llega la fiesta m\u00e1s grande del peque\u00f1o comercio tolosarra!<\/p>\r\n<p><img loading=\"lazy\" decoding=\"async\" class=\"alignnone wp-image-14618 size-full\" src=\"https:\/\/tolosandco.org\/wp-content\/uploads\/2023\/02\/Recurso-3@2x.png\" alt=\"\" width=\"1666\" height=\"654\" srcset=\"https:\/\/tolosandco.org\/wp-content\/uploads\/2023\/02\/Recurso-3@2x.png 1666w, https:\/\/tolosandco.org\/wp-content\/uploads\/2023\/02\/Recurso-3@2x-300x118.png 300w, https:\/\/tolosandco.org\/wp-content\/uploads\/2023\/02\/Recurso-3@2x-1024x402.png 1024w, https:\/\/tolosandco.org\/wp-content\/uploads\/2023\/02\/Recurso-3@2x-768x301.png 768w, https:\/\/tolosandco.org\/wp-content\/uploads\/2023\/02\/Recurso-3@2x-1536x603.png 1536w, https:\/\/tolosandco.org\/wp-content\/uploads\/2023\/02\/Recurso-3@2x-700x275.png 700w\" sizes=\"(max-width: 1666px) 100vw, 1666px\" \/><\/p>\r\n<p>&nbsp;<\/p>\r\n<p>La feria BRADERIE, organizada por Tolosa&amp;Co, es la fiesta del peque\u00f1o comercio tolosarra en la que muchos establecimientos adheridos sacan sus mejores ofertas a la calle: 58 comercios de diferentes sectores sacar\u00e1n a las puertas de sus tiendas productos que tienen en stock a precio reducido. BRADERIE ser\u00e1 este pr\u00f3ximo s\u00e1bado 11 de marzo, de 10 de la ma\u00f1ana a 20 de la tarde, sin interrupciones.<\/p>\r\n\r\n\r\n\r\n<p>Como todos los a\u00f1os, Tolosa&amp;Co quiere que BRADERIE sea una fiesta para todos y todas, por lo que tampoco se han olvidado de los m\u00e1s peque\u00f1_s de la casa, para que sus padres y madres les inculquen la filosof\u00eda de comprar en el comercio local. \u00a1Mira lo que se ha organizado para ellos aqu\u00ed abajo! [ACTUALIZACI\u00d3N: ASIER BURGUETE no estar\u00e1]<\/p>\r\n\r\n\r\n\r\n\r\n\r\n<p><img loading=\"lazy\" decoding=\"async\" class=\"alignnone wp-image-14651 size-full\" src=\"https:\/\/tolosandco.org\/wp-content\/uploads\/2023\/02\/Recurso-6@2x.png\" alt=\"\" width=\"1938\" height=\"752\" srcset=\"https:\/\/tolosandco.org\/wp-content\/uploads\/2023\/02\/Recurso-6@2x.png 1938w, https:\/\/tolosandco.org\/wp-content\/uploads\/2023\/02\/Recurso-6@2x-300x116.png 300w, https:\/\/tolosandco.org\/wp-content\/uploads\/2023\/02\/Recurso-6@2x-1024x397.png 1024w, https:\/\/tolosandco.org\/wp-content\/uploads\/2023\/02\/Recurso-6@2x-768x298.png 768w, https:\/\/tolosandco.org\/wp-content\/uploads\/2023\/02\/Recurso-6@2x-1536x596.png 1536w, https:\/\/tolosandco.org\/wp-content\/uploads\/2023\/02\/Recurso-6@2x-700x272.png 700w\" sizes=\"(max-width: 1938px) 100vw, 1938px\" \/><\/p>\r\n<p>En este mapa puedes ver d\u00f3nde se ubicar\u00e1 cada comercio participante. <a href=\"https:\/\/www.google.com\/maps\/d\/u\/0\/viewer?mid=1rpujCTmOqmxpiAlEo3fwlIH7iHHPqZTt&amp;ll=43.13674815334946%2C-2.073115098585714&amp;z=16\">Haz click si quieres navegar sobre el mapa!<\/a><\/p>\r\n<p>&nbsp;<\/p>\r\n\r\n\r\n\r\n\r\n\r\n<p><img loading=\"lazy\" decoding=\"async\" class=\"alignnone wp-image-14616 size-full\" src=\"https:\/\/tolosandco.org\/wp-content\/uploads\/2023\/02\/Recurso-2@2x.png\" alt=\"\" width=\"2001\" height=\"1235\" srcset=\"https:\/\/tolosandco.org\/wp-content\/uploads\/2023\/02\/Recurso-2@2x.png 2001w, https:\/\/tolosandco.org\/wp-content\/uploads\/2023\/02\/Recurso-2@2x-300x185.png 300w, https:\/\/tolosandco.org\/wp-content\/uploads\/2023\/02\/Recurso-2@2x-1024x632.png 1024w, https:\/\/tolosandco.org\/wp-content\/uploads\/2023\/02\/Recurso-2@2x-768x474.png 768w, https:\/\/tolosandco.org\/wp-content\/uploads\/2023\/02\/Recurso-2@2x-1536x948.png 1536w, https:\/\/tolosandco.org\/wp-content\/uploads\/2023\/02\/Recurso-2@2x-700x432.png 700w\" sizes=\"(max-width: 2001px) 100vw, 2001px\" \/><\/p>\r\n<p>Los comercios que participar\u00e1n en BRADERIE son los siguientes:<\/p>\r\n\r\n\r\n\r\n<p>\u00a0Amelie, Amets Jostailu denda, Anddare, Arkupe, Arretxe, Arsuaga Bizikletak, Arteka, B\u00e0B, Benefit, Berezi Tallas Especiales, Brunila (2), Colors, Corner, Dandaka, Einde, Eskuz, F&amp;J, Farmacia Bronte, Gabirondo, Garazi, Haiz, Jantzi Zure Arima, Joyeria CID, Kanikak, Karmele, Kimetz, Kimetz 2.0, La Ratita Presumida, Lara, Lardies Lenceria, Leffer, Lizarribar, Mauka, Mugar (2), MY54, Neuda, Noor, NZB, Ondoloin, Oski, Pasaban, Peage, Pottoko, Rainbow, Roncal, Roncal Outlet, Serendipity, Shanti Kirolak, Shanti Zapatillas, SKFK, Tantai, Tasia, The Factory, Txirrita, Ubel, Xarma.<\/p>\r\n\r\n\r\n\r\n<p>La feria BRADERIE es muestra de la vitalidad que el peque\u00f1o comercio aporta a nuestra villa. Tolosa es un agradable centro comercial a cielo abierto: nunca est\u00e1 quieta, ni en silencio. An\u00edmate a venir, a conocer, a comer, a comprar, a disfrutar. Apoya el peque\u00f1o comercio de Tolosa y devuelve esa calidez que nos brindan cada d\u00eda (y no solo este fin de semana).<\/p>\r\n\r\n\r\n\r\n<p>Para m\u00e1s informaci\u00f3n: <a href=\"mailto:info@tolosandco.org\">info@tolosandco.org<\/a><\/p>\r\n<p>&nbsp;<\/p>\r\n<p><img loading=\"lazy\" decoding=\"async\" class=\"alignnone size-medium wp-image-14621\" src=\"https:\/\/tolosandco.org\/wp-content\/uploads\/2023\/03\/Recurso-4@2x-148x300.png\" alt=\"\" width=\"148\" height=\"300\" srcset=\"https:\/\/tolosandco.org\/wp-content\/uploads\/2023\/03\/Recurso-4@2x-148x300.png 148w, https:\/\/tolosandco.org\/wp-content\/uploads\/2023\/03\/Recurso-4@2x.png 293w\" sizes=\"(max-width: 148px) 100vw, 148px\" \/><\/p>\r\n","protected":false},"excerpt":{"rendered":"<p>Como cada a\u00f1o, \u00a1llega la fiesta m\u00e1s grande del peque\u00f1o comercio tolosarra! &nbsp; La feria BRADERIE, organizada por Tolosa&amp;Co, es la fiesta del peque\u00f1o comercio tolosarra en la que muchos establecimientos adheridos sacan sus mejores ofertas a la calle: 58 comercios de diferentes sectores sacar\u00e1n&#8230;<\/p>\n","protected":false},"author":1,"featured_media":14626,"comment_status":"closed","ping_status":"open","sticky":false,"template":"","format":"standard","meta":{"inline_featured_image":false,"footnotes":""},"categories":[183,184],"tags":[],"yoast_head":"<!-- This site is optimized with the Yoast SEO plugin v23.6 - https:\/\/yoast.com\/wordpress\/plugins\/seo\/ -->\n<title>BRADERIE 2023, este s\u00e1bado en Tolosa! - Tolosa&amp;Co<\/title>\n<meta name=\"robots\" content=\"index, follow, max-snippet:-1, max-image-preview:large, max-video-preview:-1\" \/>\n<link rel=\"canonical\" href=\"https:\/\/tolosandco.org\/es\/braderie-2023\/\" \/>\n<meta property=\"og:locale\" content=\"es_ES\" \/>\n<meta property=\"og:type\" content=\"article\" \/>\n<meta property=\"og:title\" content=\"BRADERIE 2023, este s\u00e1bado en Tolosa! - Tolosa&amp;Co\" \/>\n<meta property=\"og:description\" content=\"Como cada a\u00f1o, \u00a1llega la fiesta m\u00e1s grande del peque\u00f1o comercio tolosarra! &nbsp; La feria BRADERIE, organizada por Tolosa&amp;Co, es la fiesta del peque\u00f1o comercio tolosarra en la que muchos establecimientos adheridos sacan sus mejores ofertas a la calle: 58 comercios de diferentes sectores sacar\u00e1n...\" \/>\n<meta property=\"og:url\" content=\"https:\/\/tolosandco.org\/es\/braderie-2023\/\" \/>\n<meta property=\"og:site_name\" content=\"Tolosa&amp;Co\" \/>\n<meta property=\"article:publisher\" content=\"http:\/\/www.facebook.com\/tolosandco\" \/>\n<meta property=\"article:published_time\" content=\"2023-03-07T10:24:01+00:00\" \/>\n<meta property=\"article:modified_time\" content=\"2023-03-08T11:53:34+00:00\" \/>\n<meta property=\"og:image\" content=\"https:\/\/tolosandco.org\/wp-content\/uploads\/2023\/02\/digital_Braderie_Kartela_Mesa-de-trabajo-1.png\" \/>\n\t<meta property=\"og:image:width\" content=\"854\" \/>\n\t<meta property=\"og:image:height\" content=\"1203\" \/>\n\t<meta property=\"og:image:type\" content=\"image\/png\" \/>\n<meta name=\"author\" content=\"e8f873c229\" \/>\n<meta name=\"twitter:card\" content=\"summary_large_image\" \/>\n<meta name=\"twitter:label1\" content=\"Escrito por\" \/>\n\t<meta name=\"twitter:data1\" content=\"e8f873c229\" \/>\n\t<meta name=\"twitter:label2\" content=\"Tiempo de lectura\" \/>\n\t<meta name=\"twitter:data2\" content=\"3 minutos\" \/>\n<script type=\"application\/ld+json\" class=\"yoast-schema-graph\">{\"@context\":\"https:\/\/schema.org\",\"@graph\":[{\"@type\":\"WebPage\",\"@id\":\"https:\/\/tolosandco.org\/es\/braderie-2023\/\",\"url\":\"https:\/\/tolosandco.org\/es\/braderie-2023\/\",\"name\":\"BRADERIE 2023, este s\u00e1bado en Tolosa! - Tolosa&amp;Co\",\"isPartOf\":{\"@id\":\"https:\/\/tolosandco.org\/#website\"},\"primaryImageOfPage\":{\"@id\":\"https:\/\/tolosandco.org\/es\/braderie-2023\/#primaryimage\"},\"image\":{\"@id\":\"https:\/\/tolosandco.org\/es\/braderie-2023\/#primaryimage\"},\"thumbnailUrl\":\"https:\/\/tolosandco.org\/wp-content\/uploads\/2023\/02\/digital_Braderie_Kartela_Mesa-de-trabajo-1.png\",\"datePublished\":\"2023-03-07T10:24:01+00:00\",\"dateModified\":\"2023-03-08T11:53:34+00:00\",\"author\":{\"@id\":\"https:\/\/tolosandco.org\/#\/schema\/person\/e47d3cd7e619498092426f45f99146b1\"},\"breadcrumb\":{\"@id\":\"https:\/\/tolosandco.org\/es\/braderie-2023\/#breadcrumb\"},\"inLanguage\":\"es\",\"potentialAction\":[{\"@type\":\"ReadAction\",\"target\":[\"https:\/\/tolosandco.org\/es\/braderie-2023\/\"]}]},{\"@type\":\"ImageObject\",\"inLanguage\":\"es\",\"@id\":\"https:\/\/tolosandco.org\/es\/braderie-2023\/#primaryimage\",\"url\":\"https:\/\/tolosandco.org\/wp-content\/uploads\/2023\/02\/digital_Braderie_Kartela_Mesa-de-trabajo-1.png\",\"contentUrl\":\"https:\/\/tolosandco.org\/wp-content\/uploads\/2023\/02\/digital_Braderie_Kartela_Mesa-de-trabajo-1.png\",\"width\":854,\"height\":1203},{\"@type\":\"BreadcrumbList\",\"@id\":\"https:\/\/tolosandco.org\/es\/braderie-2023\/#breadcrumb\",\"itemListElement\":[{\"@type\":\"ListItem\",\"position\":1,\"name\":\"Home\",\"item\":\"https:\/\/tolosandco.org\/es\/\"},{\"@type\":\"ListItem\",\"position\":2,\"name\":\"BRADERIE 2023, este s\u00e1bado en Tolosa!\"}]},{\"@type\":\"WebSite\",\"@id\":\"https:\/\/tolosandco.org\/#website\",\"url\":\"https:\/\/tolosandco.org\/\",\"name\":\"Tolosa&amp;Co\",\"description\":\"Tolosako saltoki txikien elkartea\",\"potentialAction\":[{\"@type\":\"SearchAction\",\"target\":{\"@type\":\"EntryPoint\",\"urlTemplate\":\"https:\/\/tolosandco.org\/?s={search_term_string}\"},\"query-input\":{\"@type\":\"PropertyValueSpecification\",\"valueRequired\":true,\"valueName\":\"search_term_string\"}}],\"inLanguage\":\"es\"},{\"@type\":\"Person\",\"@id\":\"https:\/\/tolosandco.org\/#\/schema\/person\/e47d3cd7e619498092426f45f99146b1\",\"name\":\"e8f873c229\",\"image\":{\"@type\":\"ImageObject\",\"inLanguage\":\"es\",\"@id\":\"https:\/\/tolosandco.org\/#\/schema\/person\/image\/\",\"url\":\"https:\/\/secure.gravatar.com\/avatar\/bc0f98fbcaf34b9653294c9d617827e7?s=96&d=mm&r=g\",\"contentUrl\":\"https:\/\/secure.gravatar.com\/avatar\/bc0f98fbcaf34b9653294c9d617827e7?s=96&d=mm&r=g\",\"caption\":\"e8f873c229\"},\"url\":\"https:\/\/tolosandco.org\/es\/author\/e8f873c229\/\"}]}<\/script>\n<!-- \/ Yoast SEO plugin. -->","yoast_head_json":{"title":"BRADERIE 2023, este s\u00e1bado en Tolosa! - Tolosa&amp;Co","robots":{"index":"index","follow":"follow","max-snippet":"max-snippet:-1","max-image-preview":"max-image-preview:large","max-video-preview":"max-video-preview:-1"},"canonical":"https:\/\/tolosandco.org\/es\/braderie-2023\/","og_locale":"es_ES","og_type":"article","og_title":"BRADERIE 2023, este s\u00e1bado en Tolosa! - Tolosa&amp;Co","og_description":"Como cada a\u00f1o, \u00a1llega la fiesta m\u00e1s grande del peque\u00f1o comercio tolosarra! &nbsp; La feria BRADERIE, organizada por Tolosa&amp;Co, es la fiesta del peque\u00f1o comercio tolosarra en la que muchos establecimientos adheridos sacan sus mejores ofertas a la calle: 58 comercios de diferentes sectores sacar\u00e1n...","og_url":"https:\/\/tolosandco.org\/es\/braderie-2023\/","og_site_name":"Tolosa&amp;Co","article_publisher":"http:\/\/www.facebook.com\/tolosandco","article_published_time":"2023-03-07T10:24:01+00:00","article_modified_time":"2023-03-08T11:53:34+00:00","og_image":[{"width":854,"height":1203,"url":"https:\/\/tolosandco.org\/wp-content\/uploads\/2023\/02\/digital_Braderie_Kartela_Mesa-de-trabajo-1.png","type":"image\/png"}],"author":"e8f873c229","twitter_card":"summary_large_image","twitter_misc":{"Escrito por":"e8f873c229","Tiempo de lectura":"3 minutos"},"schema":{"@context":"https:\/\/schema.org","@graph":[{"@type":"WebPage","@id":"https:\/\/tolosandco.org\/es\/braderie-2023\/","url":"https:\/\/tolosandco.org\/es\/braderie-2023\/","name":"BRADERIE 2023, este s\u00e1bado en Tolosa! - Tolosa&amp;Co","isPartOf":{"@id":"https:\/\/tolosandco.org\/#website"},"primaryImageOfPage":{"@id":"https:\/\/tolosandco.org\/es\/braderie-2023\/#primaryimage"},"image":{"@id":"https:\/\/tolosandco.org\/es\/braderie-2023\/#primaryimage"},"thumbnailUrl":"https:\/\/tolosandco.org\/wp-content\/uploads\/2023\/02\/digital_Braderie_Kartela_Mesa-de-trabajo-1.png","datePublished":"2023-03-07T10:24:01+00:00","dateModified":"2023-03-08T11:53:34+00:00","author":{"@id":"https:\/\/tolosandco.org\/#\/schema\/person\/e47d3cd7e619498092426f45f99146b1"},"breadcrumb":{"@id":"https:\/\/tolosandco.org\/es\/braderie-2023\/#breadcrumb"},"inLanguage":"es","potentialAction":[{"@type":"ReadAction","target":["https:\/\/tolosandco.org\/es\/braderie-2023\/"]}]},{"@type":"ImageObject","inLanguage":"es","@id":"https:\/\/tolosandco.org\/es\/braderie-2023\/#primaryimage","url":"https:\/\/tolosandco.org\/wp-content\/uploads\/2023\/02\/digital_Braderie_Kartela_Mesa-de-trabajo-1.png","contentUrl":"https:\/\/tolosandco.org\/wp-content\/uploads\/2023\/02\/digital_Braderie_Kartela_Mesa-de-trabajo-1.png","width":854,"height":1203},{"@type":"BreadcrumbList","@id":"https:\/\/tolosandco.org\/es\/braderie-2023\/#breadcrumb","itemListElement":[{"@type":"ListItem","position":1,"name":"Home","item":"https:\/\/tolosandco.org\/es\/"},{"@type":"ListItem","position":2,"name":"BRADERIE 2023, este s\u00e1bado en Tolosa!"}]},{"@type":"WebSite","@id":"https:\/\/tolosandco.org\/#website","url":"https:\/\/tolosandco.org\/","name":"Tolosa&amp;Co","description":"Tolosako saltoki txikien elkartea","potentialAction":[{"@type":"SearchAction","target":{"@type":"EntryPoint","urlTemplate":"https:\/\/tolosandco.org\/?s={search_term_string}"},"query-input":{"@type":"PropertyValueSpecification","valueRequired":true,"valueName":"search_term_string"}}],"inLanguage":"es"},{"@type":"Person","@id":"https:\/\/tolosandco.org\/#\/schema\/person\/e47d3cd7e619498092426f45f99146b1","name":"e8f873c229","image":{"@type":"ImageObject","inLanguage":"es","@id":"https:\/\/tolosandco.org\/#\/schema\/person\/image\/","url":"https:\/\/secure.gravatar.com\/avatar\/bc0f98fbcaf34b9653294c9d617827e7?s=96&d=mm&r=g","contentUrl":"https:\/\/secure.gravatar.com\/avatar\/bc0f98fbcaf34b9653294c9d617827e7?s=96&d=mm&r=g","caption":"e8f873c229"},"url":"https:\/\/tolosandco.org\/es\/author\/e8f873c229\/"}]}},"_links":{"self":[{"href":"https:\/\/tolosandco.org\/es\/wp-json\/wp\/v2\/posts\/14569"}],"collection":[{"href":"https:\/\/tolosandco.org\/es\/wp-json\/wp\/v2\/posts"}],"about":[{"href":"https:\/\/tolosandco.org\/es\/wp-json\/wp\/v2\/types\/post"}],"author":[{"embeddable":true,"href":"https:\/\/tolosandco.org\/es\/wp-json\/wp\/v2\/users\/1"}],"replies":[{"embeddable":true,"href":"https:\/\/tolosandco.org\/es\/wp-json\/wp\/v2\/comments?post=14569"}],"version-history":[{"count":7,"href":"https:\/\/tolosandco.org\/es\/wp-json\/wp\/v2\/posts\/14569\/revisions"}],"predecessor-version":[{"id":14655,"href":"https:\/\/tolosandco.org\/es\/wp-json\/wp\/v2\/posts\/14569\/revisions\/14655"}],"wp:featuredmedia":[{"embeddable":true,"href":"https:\/\/tolosandco.org\/es\/wp-json\/wp\/v2\/media\/14626"}],"wp:attachment":[{"href":"https:\/\/tolosandco.org\/es\/wp-json\/wp\/v2\/media?parent=14569"}],"wp:term":[{"taxonomy":"category","embeddable":true,"href":"https:\/\/tolosandco.org\/es\/wp-json\/wp\/v2\/categories?post=14569"},{"taxonomy":"post_tag","embeddable":true,"href":"https:\/\/tolosandco.org\/es\/wp-json\/wp\/v2\/tags?post=14569"}],"curies":[{"name":"wp","href":"https:\/\/api.w.org\/{rel}","templated":true}]}}